{"id":269,"date":"2019-03-28T20:00:03","date_gmt":"2019-03-28T17:00:03","guid":{"rendered":"http:\/\/www.esperanto.fi\/uk2019\/?p=269"},"modified":"2019-03-27T22:58:27","modified_gmt":"2019-03-27T19:58:27","slug":"lahtio-atendas-vin","status":"publish","type":"post","link":"https:\/\/www.esperanto.fi\/uk2019\/lahtio-atendas-vin\/","title":{"rendered":"Lahtio atendas vin!"},"content":{"rendered":"\n<p>Vekas vin varmeta vento, kiu refre\u015digas vian viza\u011don. La vento blovas rekte de la plej granda lago de Lahtio, Vesij\u00e4rvi, kaj\u00a0\u0109e\u00a0\u011dia haveno oni povas\u00a0\u011dui\u00a0trankvilajn promenadojn \u011dis la vastaj, verdaj arbaroj. La aero estas pura kaj la urbocentro kvieta, kiel kutime en finnaj urboj dum julio.<\/p>\n<p>Tamen,\u00a0\u0109i-julie, io malsimilas. Esperantistoj de\u00a0\u0109irka\u016d la tuta mondo kolekti\u011dis al\u00a0\u0109i tiu urbeto en suda Finnlando. La aero pleni\u011das de\u00a0\u011doj-krioj de geamikoj, kiuj renkonti\u011das post tempo, kiu\u00a0\u015dajnis longa, tamen nun senti\u011das kvaza\u016d oni nur hiera\u016d adia\u016dis unu la alian. Kia bela revidi\u011do en\u00a0\u0109i tiu trankvila kaj\u00a0\u0109arma loko.\u00a0<\/p>\n<p style=\"text-align: right\"><em>Kial vi ankora\u016d\u00a0hezitas? Lahtio atendas vin!<\/em><\/p>\n<p style=\"text-align: right\"><em>Ali\u011du al la kongreso\u00a0<a href=\"https:\/\/uea.org\/alighoj\/uk_alighilo\"><strong>\u0109i tie<\/strong><\/a>. Estu rapida &#8211; la dua ali\u011dperiodo fini\u011dos diman\u0109on la 31-an de marto, kaj post tio la kotizoj alti\u011dos.<\/em><\/p>\n<p><img loading=\"lazy\" decoding=\"async\" class=\"alignnone size-full wp-image-268\" src=\"https:\/\/www.esperanto.fi\/uk2019\/wp-content\/uploads\/sites\/4\/2019\/03\/66C15C71-4462-43BC-8573-32232DE6871D.jpg\" alt=\"\" width=\"1652\" height=\"1385\" srcset=\"https:\/\/www.esperanto.fi\/uk2019\/wp-content\/uploads\/sites\/4\/2019\/03\/66C15C71-4462-43BC-8573-32232DE6871D.jpg 1652w, https:\/\/www.esperanto.fi\/uk2019\/wp-content\/uploads\/sites\/4\/2019\/03\/66C15C71-4462-43BC-8573-32232DE6871D-300x252.jpg 300w, https:\/\/www.esperanto.fi\/uk2019\/wp-content\/uploads\/sites\/4\/2019\/03\/66C15C71-4462-43BC-8573-32232DE6871D-768x644.jpg 768w, https:\/\/www.esperanto.fi\/uk2019\/wp-content\/uploads\/sites\/4\/2019\/03\/66C15C71-4462-43BC-8573-32232DE6871D-1024x858.jpg 1024w\" sizes=\"auto, (max-width: 767px) 89vw, (max-width: 1000px) 54vw, (max-width: 1071px) 543px, 580px\" \/><\/p>\n","protected":false},"excerpt":{"rendered":"<p>Vekas vin varmeta vento, kiu refre\u015digas vian viza\u011don. La vento blovas rekte de la plej granda lago de Lahtio, Vesij\u00e4rvi, kaj\u00a0\u0109e\u00a0\u011dia haveno oni povas\u00a0\u011dui\u00a0trankvilajn promenadojn \u011dis la vastaj, verdaj arbaroj. La aero estas pura kaj la urbocentro kvieta, kiel kutime en finnaj urboj dum julio. Tamen,\u00a0\u0109i-julie, io malsimilas. Esperantistoj de\u00a0\u0109irka\u016d la tuta mondo kolekti\u011dis al\u00a0\u0109i &hellip; <\/p>\n<p class=\"link-more\"><a href=\"https:\/\/www.esperanto.fi\/uk2019\/lahtio-atendas-vin\/\" class=\"more-link\">Da\u016drigi legadon<span class=\"screen-reader-text\"> &#8220;Lahtio atendas vin!&#8221;<\/span><\/a><\/p>\n","protected":false},"author":18,"featured_media":0,"comment_status":"open","ping_status":"open","sticky":false,"template":"","format":"standard","meta":{"footnotes":""},"categories":[1],"tags":[],"class_list":["post-269","post","type-post","status-publish","format-standard","hentry","category-senkategoria"],"_links":{"self":[{"href":"https:\/\/www.esperanto.fi\/uk2019\/wp-json\/wp\/v2\/posts\/269","targetHints":{"allow":["GET"]}}],"collection":[{"href":"https:\/\/www.esperanto.fi\/uk2019\/wp-json\/wp\/v2\/posts"}],"about":[{"href":"https:\/\/www.esperanto.fi\/uk2019\/wp-json\/wp\/v2\/types\/post"}],"author":[{"embeddable":true,"href":"https:\/\/www.esperanto.fi\/uk2019\/wp-json\/wp\/v2\/users\/18"}],"replies":[{"embeddable":true,"href":"https:\/\/www.esperanto.fi\/uk2019\/wp-json\/wp\/v2\/comments?post=269"}],"version-history":[{"count":15,"href":"https:\/\/www.esperanto.fi\/uk2019\/wp-json\/wp\/v2\/posts\/269\/revisions"}],"predecessor-version":[{"id":287,"href":"https:\/\/www.esperanto.fi\/uk2019\/wp-json\/wp\/v2\/posts\/269\/revisions\/287"}],"wp:attachment":[{"href":"https:\/\/www.esperanto.fi\/uk2019\/wp-json\/wp\/v2\/media?parent=269"}],"wp:term":[{"taxonomy":"category","embeddable":true,"href":"https:\/\/www.esperanto.fi\/uk2019\/wp-json\/wp\/v2\/categories?post=269"},{"taxonomy":"post_tag","embeddable":true,"href":"https:\/\/www.esperanto.fi\/uk2019\/wp-json\/wp\/v2\/tags?post=269"}],"curies":[{"name":"wp","href":"https:\/\/api.w.org\/{rel}","templated":true}]}}